{"id":35972,"date":"2025-01-28T18:30:00","date_gmt":"2025-01-28T17:30:00","guid":{"rendered":"https:\/\/www.wiseband.com\/blog\/?p=35972"},"modified":"2025-01-27T09:08:13","modified_gmt":"2025-01-27T08:08:13","slug":"tremplin-v-and-b-fest-2025","status":"publish","type":"post","link":"https:\/\/www.wiseband.fr\/blog\/tremplin-v-and-b-fest-2025\/","title":{"rendered":"Tremplin V AND B Fest&rsquo; 2025"},"content":{"rendered":"\n<h3 class=\"wp-block-heading\"><strong>Le Tremplin V and B Fest&rsquo; : Une opportunit\u00e9 unique et r\u00e9mun\u00e9r\u00e9e pour les artistes \u00e9mergents<\/strong><\/h3>\n\n\n\n<p>Vous cherchez une opportunit\u00e9 pour faire d\u00e9couvrir votre univers \u00e0 un large public ? Le <strong>Tremplin V and B Fest&rsquo;<\/strong> est fait pour vous ! Voici tout ce que vous devez savoir sur ce tremplin musical unique en France.<\/p>\n\n\n\n<h4 class=\"wp-block-heading\"><strong>Qu&rsquo;est-ce que le <\/strong><a href=\"https:\/\/vandbfest.fr\/tremplin\/\"><strong>Tremplin V and B Fest&rsquo; <\/strong><\/a><strong>?<\/strong><\/h4>\n\n\n\n<p>Le Tremplin V and B Fest&rsquo; est un concours national s\u2019adressant aux artistes \u00e9mergents de tous genres musicaux (dans le champ des musiques actuelles). Organis\u00e9 par le <strong>V and B Fest&rsquo;<\/strong>, un festival reconnu pour sa programmation \u00e9clectique et son soutien aux talents de demain, ce tremplin offre une opportunit\u00e9 r\u00e9elle de sc\u00e8ne et d\u2019accompagnement.<\/p>\n\n\n\n<p>L&rsquo;objectif ? Vous permettre de jouer dans des conditions professionnelles, tout en b\u00e9n\u00e9ficiant d\u2019une r\u00e9mun\u00e9ration \u00e0 chaque \u00e9tape live et d\u2019un programme complet pour d\u00e9velopper votre projet artistique.<\/p>\n\n\n\n<h4 class=\"wp-block-heading\"><strong>Pourquoi participer au Tremplin V and B Fest&rsquo; ?<\/strong><\/h4>\n\n\n\n<p>En tant qu\u2019artiste, d\u00e9crocher des opportunit\u00e9s pour se produire, toucher un public plus large et \u00eatre encadr\u00e9 par des professionnels peut \u00eatre un vrai challenge. Voici ce qui rend le Tremplin V and B Fest&rsquo; incontournable :<\/p>\n\n\n\n<ol class=\"wp-block-list\">\n<li><strong>Un accompagnement d\u2019exception avec PULSAR <\/strong><strong><br><\/strong>Le grand gagnant b\u00e9n\u00e9ficiera d\u2019un programme d\u2019accompagnement sur-mesure :\n<ul class=\"wp-block-list\">\n<li><strong>1 an et demi d&rsquo;accompagnement artistique<\/strong> avec un coach artistique.<\/li>\n\n\n\n<li><strong>Deux slots sur le V and B Fest&rsquo;<\/strong>, incluant une sc\u00e8ne d\u00e9couverte en 2025 et une sc\u00e8ne principale en 2026.<\/li>\n\n\n\n<li><strong>Une r\u00e9sidence de cr\u00e9ation et une r\u00e9sidence sc\u00e9nique<\/strong>.<\/li>\n\n\n\n<li><strong>Une bourse de 5 000\u20ac<\/strong> pour soutenir votre projet.<\/li>\n\n\n\n<li><strong>Un passage au Rose Festival<\/strong> et dans d&rsquo;autres festivals partenaires.<\/li>\n\n\n\n<li><strong>Des rendez-vous ressource, avec une \u00e9quipe d\u2019intervenants personnalis\u00e9s<\/strong> en fonction de vos besoins artistiques.<\/li>\n<\/ul>\n<\/li>\n\n\n\n<li><strong>Une exp\u00e9rience sc\u00e9nique et r\u00e9mun\u00e9r\u00e9e partout en France<\/strong><strong><br><\/strong>Les S\u00e9lections Live, organis\u00e9es dans un format caf\u00e9 concert dans votre r\u00e9gion, sont r\u00e9mun\u00e9r\u00e9es. Chaque prestation est une opportunit\u00e9 unique de vous produire devant un public et des professionnels.<\/li>\n\n\n\n<li><strong>Une visibilit\u00e9 accrue<\/strong><strong><br><\/strong>Votre participation vous permettra de b\u00e9n\u00e9ficier d\u2019une visibilit\u00e9 locale et nationale gr\u00e2ce \u00e0 un r\u00e9seau de partenaires et de m\u00e9dias.<\/li>\n\n\n\n<li><strong>Une sc\u00e8ne au V and B Fest&rsquo; pour tous les finalistes<\/strong><strong><br><\/strong>M\u00eame si vous ne gagnez pas, atteindre la finale vous garantit une place sur la sc\u00e8ne d\u00e9couverte du V and B Fest&rsquo;, au c\u0153ur de son site concert.<\/li>\n<\/ol>\n\n\n\n<h4 class=\"wp-block-heading\"><strong>Comment fonctionne le Tremplin ?<\/strong><\/h4>\n\n\n\n<ol class=\"wp-block-list\">\n<li><a href=\"https:\/\/form.typeform.com\/to\/XnT8jssM?utm_source=xxxxx&amp;utm_medium=xxxxx&amp;utm_campaign=xxxxx&amp;utm_term=xxxxx&amp;utm_content=xxxxx\"><strong>Inscription en ligne<\/strong><strong><br><\/strong><\/a>Rendez-vous sur le site officiel du Tremplin V and B Fest&rsquo;. Remplissez le formulaire, partagez vos morceaux et s\u00e9lectionnez trois d\u00e9partements dans lesquels vous souhaitez jouer.<\/li>\n\n\n\n<li><strong>S\u00e9lection des participants<\/strong><strong><br><\/strong>Les Lieux participants vous contactent s\u2019ils sont int\u00e9ress\u00e9s par votre candidature.<\/li>\n\n\n\n<li><strong>Les S\u00e9lections Live<\/strong><strong><br><\/strong>Une date dans le format caf\u00e9 concert, dans un Cave&amp;Bar V and B ou un bar Levrette Caf\u00e9.<\/li>\n\n\n\n<li><strong>La grande finale<\/strong><strong><br><\/strong>Lors de cette \u00e9tape, les finalistes se produiront sur une grande sc\u00e8ne. Le gagnant d\u00e9crochera le programme PULSAR, mais tous jouent sur la sc\u00e8ne d\u00e9couverte du festival.<\/li>\n<\/ol>\n\n\n\n<h4 class=\"wp-block-heading\"><strong>Qui peut participer ?<\/strong><\/h4>\n\n\n\n<p>Le Tremplin est ouvert \u00e0 tous les artistes \u00e9mergents en France. Peu importe votre style musical ou votre exp\u00e9rience, ce concours est une chance unique pour les talents motiv\u00e9s.<\/p>\n\n\n\n<h4 class=\"wp-block-heading\"><strong>Comment s\u2019inscrire ?<\/strong><\/h4>\n\n\n\n<ol class=\"wp-block-list\">\n<li>Rendez-vous sur le <a href=\"https:\/\/vandbfest.fr\/tremplin\/\">site officiel.<\/a><\/li>\n\n\n\n<li>Remplissez le formulaire en quelques minutes.<\/li>\n\n\n\n<li>Envoyez vos morceaux et pr\u00e9parez-vous \u00e0 vivre une aventure inoubliable.<\/li>\n<\/ol>\n\n\n\n<h4 class=\"wp-block-heading\"><strong>Rejoignez le Tremplin V and B Fest&rsquo; !<\/strong><\/h4>\n\n\n\n<p>Ne laissez pas passer cette opportunit\u00e9 unique de d\u00e9velopper votre projet musical tout en \u00e9tant r\u00e9mun\u00e9r\u00e9. Inscrivez-vous d\u00e8s aujourd\u2019hui et rejoignez les talents de demain.<a href=\"https:\/\/vandbfest.fr\/tremplin\/\"> Pour plus d\u2019informations, rendez-vous sur le site officiel du V and B Fest&rsquo;.<\/a><\/p>\n","protected":false},"excerpt":{"rendered":"<p>Le Tremplin V and B Fest&rsquo; : Une opportunit\u00e9 unique et r\u00e9mun\u00e9r\u00e9e pour les artistes \u00e9mergents Vous cherchez une opportunit\u00e9 pour faire&hellip;<\/p>\n","protected":false},"author":2,"featured_media":35984,"comment_status":"open","ping_status":"open","sticky":false,"template":"","format":"standard","meta":{"footnotes":""},"categories":[82],"tags":[],"class_list":["post-35972","post","type-post","status-publish","format-standard","has-post-thumbnail","hentry","category-partenaires"],"yoast_head":"<!-- This site is optimized with the Yoast SEO plugin v26.3 - https:\/\/yoast.com\/wordpress\/plugins\/seo\/ -->\n<title>Tremplin V AND B Fest&#039; 2025 - Wiseband<\/title>\n<meta name=\"robots\" content=\"index, follow, max-snippet:-1, max-image-preview:large, max-video-preview:-1\" \/>\n<link rel=\"canonical\" href=\"https:\/\/www.wiseband.fr\/blog\/tremplin-v-and-b-fest-2025\/\" \/>\n<meta property=\"og:locale\" content=\"fr_FR\" \/>\n<meta property=\"og:type\" content=\"article\" \/>\n<meta property=\"og:title\" content=\"Tremplin V AND B Fest&#039; 2025 - Wiseband\" \/>\n<meta property=\"og:description\" content=\"Le Tremplin V and B Fest&rsquo; : Une opportunit\u00e9 unique et r\u00e9mun\u00e9r\u00e9e pour les artistes \u00e9mergents Vous cherchez une opportunit\u00e9 pour faire&hellip;\" \/>\n<meta property=\"og:url\" content=\"https:\/\/www.wiseband.fr\/blog\/tremplin-v-and-b-fest-2025\/\" \/>\n<meta property=\"og:site_name\" content=\"Wiseband\" \/>\n<meta property=\"article:published_time\" content=\"2025-01-28T17:30:00+00:00\" \/>\n<meta property=\"og:image\" content=\"https:\/\/www.wiseband.fr\/blog\/wp-content\/uploads\/2025\/01\/Cover-blog-2024-1.jpg\" \/>\n\t<meta property=\"og:image:width\" content=\"980\" \/>\n\t<meta property=\"og:image:height\" content=\"368\" \/>\n\t<meta property=\"og:image:type\" content=\"image\/jpeg\" \/>\n<meta name=\"author\" content=\"Alexandre Baumont\" \/>\n<meta name=\"twitter:card\" content=\"summary_large_image\" \/>\n<meta name=\"twitter:label1\" content=\"Written by\" \/>\n\t<meta name=\"twitter:data1\" content=\"Alexandre Baumont\" \/>\n\t<meta name=\"twitter:label2\" content=\"Est. reading time\" \/>\n\t<meta name=\"twitter:data2\" content=\"3 minutes\" \/>\n<script type=\"application\/ld+json\" class=\"yoast-schema-graph\">{\"@context\":\"https:\/\/schema.org\",\"@graph\":[{\"@type\":\"Article\",\"@id\":\"https:\/\/www.wiseband.fr\/blog\/tremplin-v-and-b-fest-2025\/#article\",\"isPartOf\":{\"@id\":\"https:\/\/www.wiseband.fr\/blog\/tremplin-v-and-b-fest-2025\/\"},\"author\":{\"name\":\"Alexandre Baumont\",\"@id\":\"https:\/\/www.wiseband.es\/blog\/#\/schema\/person\/f262d083d82be162fcd8f36966d8ce3d\"},\"headline\":\"Tremplin V AND B Fest&rsquo; 2025\",\"datePublished\":\"2025-01-28T17:30:00+00:00\",\"mainEntityOfPage\":{\"@id\":\"https:\/\/www.wiseband.fr\/blog\/tremplin-v-and-b-fest-2025\/\"},\"wordCount\":643,\"commentCount\":0,\"publisher\":{\"@id\":\"https:\/\/www.wiseband.es\/blog\/#organization\"},\"image\":{\"@id\":\"https:\/\/www.wiseband.fr\/blog\/tremplin-v-and-b-fest-2025\/#primaryimage\"},\"thumbnailUrl\":\"https:\/\/www.wiseband.fr\/blog\/wp-content\/uploads\/2025\/01\/Cover-blog-2024-1.jpg\",\"articleSection\":[\"Partenaires\"],\"inLanguage\":\"fr-FR\",\"potentialAction\":[{\"@type\":\"CommentAction\",\"name\":\"Comment\",\"target\":[\"https:\/\/www.wiseband.fr\/blog\/tremplin-v-and-b-fest-2025\/#respond\"]}]},{\"@type\":\"WebPage\",\"@id\":\"https:\/\/www.wiseband.fr\/blog\/tremplin-v-and-b-fest-2025\/\",\"url\":\"https:\/\/www.wiseband.fr\/blog\/tremplin-v-and-b-fest-2025\/\",\"name\":\"Tremplin V AND B Fest' 2025 - Wiseband\",\"isPartOf\":{\"@id\":\"https:\/\/www.wiseband.es\/blog\/#website\"},\"primaryImageOfPage\":{\"@id\":\"https:\/\/www.wiseband.fr\/blog\/tremplin-v-and-b-fest-2025\/#primaryimage\"},\"image\":{\"@id\":\"https:\/\/www.wiseband.fr\/blog\/tremplin-v-and-b-fest-2025\/#primaryimage\"},\"thumbnailUrl\":\"https:\/\/www.wiseband.fr\/blog\/wp-content\/uploads\/2025\/01\/Cover-blog-2024-1.jpg\",\"datePublished\":\"2025-01-28T17:30:00+00:00\",\"breadcrumb\":{\"@id\":\"https:\/\/www.wiseband.fr\/blog\/tremplin-v-and-b-fest-2025\/#breadcrumb\"},\"inLanguage\":\"fr-FR\",\"potentialAction\":[{\"@type\":\"ReadAction\",\"target\":[\"https:\/\/www.wiseband.fr\/blog\/tremplin-v-and-b-fest-2025\/\"]}]},{\"@type\":\"ImageObject\",\"inLanguage\":\"fr-FR\",\"@id\":\"https:\/\/www.wiseband.fr\/blog\/tremplin-v-and-b-fest-2025\/#primaryimage\",\"url\":\"https:\/\/www.wiseband.fr\/blog\/wp-content\/uploads\/2025\/01\/Cover-blog-2024-1.jpg\",\"contentUrl\":\"https:\/\/www.wiseband.fr\/blog\/wp-content\/uploads\/2025\/01\/Cover-blog-2024-1.jpg\",\"width\":980,\"height\":368},{\"@type\":\"BreadcrumbList\",\"@id\":\"https:\/\/www.wiseband.fr\/blog\/tremplin-v-and-b-fest-2025\/#breadcrumb\",\"itemListElement\":[{\"@type\":\"ListItem\",\"position\":1,\"name\":\"Home\",\"item\":\"https:\/\/www.wiseband.es\/blog\/\"},{\"@type\":\"ListItem\",\"position\":2,\"name\":\"Tremplin V AND B Fest&rsquo; 2025\"}]},{\"@type\":\"WebSite\",\"@id\":\"https:\/\/www.wiseband.es\/blog\/#website\",\"url\":\"https:\/\/www.wiseband.es\/blog\/\",\"name\":\"Wiseband\",\"description\":\"Digital Music Distribution\",\"publisher\":{\"@id\":\"https:\/\/www.wiseband.es\/blog\/#organization\"},\"potentialAction\":[{\"@type\":\"SearchAction\",\"target\":{\"@type\":\"EntryPoint\",\"urlTemplate\":\"https:\/\/www.wiseband.es\/blog\/?s={search_term_string}\"},\"query-input\":{\"@type\":\"PropertyValueSpecification\",\"valueRequired\":true,\"valueName\":\"search_term_string\"}}],\"inLanguage\":\"fr-FR\"},{\"@type\":\"Organization\",\"@id\":\"https:\/\/www.wiseband.es\/blog\/#organization\",\"name\":\"Wiseband\",\"url\":\"https:\/\/www.wiseband.es\/blog\/\",\"logo\":{\"@type\":\"ImageObject\",\"inLanguage\":\"fr-FR\",\"@id\":\"https:\/\/www.wiseband.es\/blog\/#\/schema\/logo\/image\/\",\"url\":\"https:\/\/www.wiseband.fr\/blog\/wp-content\/uploads\/2024\/07\/logo-wiseband.png\",\"contentUrl\":\"https:\/\/www.wiseband.fr\/blog\/wp-content\/uploads\/2024\/07\/logo-wiseband.png\",\"width\":540,\"height\":200,\"caption\":\"Wiseband\"},\"image\":{\"@id\":\"https:\/\/www.wiseband.es\/blog\/#\/schema\/logo\/image\/\"}},{\"@type\":\"Person\",\"@id\":\"https:\/\/www.wiseband.es\/blog\/#\/schema\/person\/f262d083d82be162fcd8f36966d8ce3d\",\"name\":\"Alexandre Baumont\",\"image\":{\"@type\":\"ImageObject\",\"inLanguage\":\"fr-FR\",\"@id\":\"https:\/\/www.wiseband.es\/blog\/#\/schema\/person\/image\/\",\"url\":\"https:\/\/secure.gravatar.com\/avatar\/d832cbc8c86e65455379933f5a6f85cf31128a9664c6fd76e3df91dd65445ff1?s=96&d=mm&r=g\",\"contentUrl\":\"https:\/\/secure.gravatar.com\/avatar\/d832cbc8c86e65455379933f5a6f85cf31128a9664c6fd76e3df91dd65445ff1?s=96&d=mm&r=g\",\"caption\":\"Alexandre Baumont\"},\"description\":\"Marketing Director - Wiseband\",\"url\":\"https:\/\/www.wiseband.fr\/blog\/author\/alex\/\"}]}<\/script>\n<!-- \/ Yoast SEO plugin. -->","yoast_head_json":{"title":"Tremplin V AND B Fest' 2025 - Wiseband","robots":{"index":"index","follow":"follow","max-snippet":"max-snippet:-1","max-image-preview":"max-image-preview:large","max-video-preview":"max-video-preview:-1"},"canonical":"https:\/\/www.wiseband.fr\/blog\/tremplin-v-and-b-fest-2025\/","og_locale":"fr_FR","og_type":"article","og_title":"Tremplin V AND B Fest' 2025 - Wiseband","og_description":"Le Tremplin V and B Fest&rsquo; : Une opportunit\u00e9 unique et r\u00e9mun\u00e9r\u00e9e pour les artistes \u00e9mergents Vous cherchez une opportunit\u00e9 pour faire&hellip;","og_url":"https:\/\/www.wiseband.fr\/blog\/tremplin-v-and-b-fest-2025\/","og_site_name":"Wiseband","article_published_time":"2025-01-28T17:30:00+00:00","og_image":[{"width":980,"height":368,"url":"https:\/\/www.wiseband.fr\/blog\/wp-content\/uploads\/2025\/01\/Cover-blog-2024-1.jpg","type":"image\/jpeg"}],"author":"Alexandre Baumont","twitter_card":"summary_large_image","twitter_misc":{"Written by":"Alexandre Baumont","Est. reading time":"3 minutes"},"schema":{"@context":"https:\/\/schema.org","@graph":[{"@type":"Article","@id":"https:\/\/www.wiseband.fr\/blog\/tremplin-v-and-b-fest-2025\/#article","isPartOf":{"@id":"https:\/\/www.wiseband.fr\/blog\/tremplin-v-and-b-fest-2025\/"},"author":{"name":"Alexandre Baumont","@id":"https:\/\/www.wiseband.es\/blog\/#\/schema\/person\/f262d083d82be162fcd8f36966d8ce3d"},"headline":"Tremplin V AND B Fest&rsquo; 2025","datePublished":"2025-01-28T17:30:00+00:00","mainEntityOfPage":{"@id":"https:\/\/www.wiseband.fr\/blog\/tremplin-v-and-b-fest-2025\/"},"wordCount":643,"commentCount":0,"publisher":{"@id":"https:\/\/www.wiseband.es\/blog\/#organization"},"image":{"@id":"https:\/\/www.wiseband.fr\/blog\/tremplin-v-and-b-fest-2025\/#primaryimage"},"thumbnailUrl":"https:\/\/www.wiseband.fr\/blog\/wp-content\/uploads\/2025\/01\/Cover-blog-2024-1.jpg","articleSection":["Partenaires"],"inLanguage":"fr-FR","potentialAction":[{"@type":"CommentAction","name":"Comment","target":["https:\/\/www.wiseband.fr\/blog\/tremplin-v-and-b-fest-2025\/#respond"]}]},{"@type":"WebPage","@id":"https:\/\/www.wiseband.fr\/blog\/tremplin-v-and-b-fest-2025\/","url":"https:\/\/www.wiseband.fr\/blog\/tremplin-v-and-b-fest-2025\/","name":"Tremplin V AND B Fest' 2025 - Wiseband","isPartOf":{"@id":"https:\/\/www.wiseband.es\/blog\/#website"},"primaryImageOfPage":{"@id":"https:\/\/www.wiseband.fr\/blog\/tremplin-v-and-b-fest-2025\/#primaryimage"},"image":{"@id":"https:\/\/www.wiseband.fr\/blog\/tremplin-v-and-b-fest-2025\/#primaryimage"},"thumbnailUrl":"https:\/\/www.wiseband.fr\/blog\/wp-content\/uploads\/2025\/01\/Cover-blog-2024-1.jpg","datePublished":"2025-01-28T17:30:00+00:00","breadcrumb":{"@id":"https:\/\/www.wiseband.fr\/blog\/tremplin-v-and-b-fest-2025\/#breadcrumb"},"inLanguage":"fr-FR","potentialAction":[{"@type":"ReadAction","target":["https:\/\/www.wiseband.fr\/blog\/tremplin-v-and-b-fest-2025\/"]}]},{"@type":"ImageObject","inLanguage":"fr-FR","@id":"https:\/\/www.wiseband.fr\/blog\/tremplin-v-and-b-fest-2025\/#primaryimage","url":"https:\/\/www.wiseband.fr\/blog\/wp-content\/uploads\/2025\/01\/Cover-blog-2024-1.jpg","contentUrl":"https:\/\/www.wiseband.fr\/blog\/wp-content\/uploads\/2025\/01\/Cover-blog-2024-1.jpg","width":980,"height":368},{"@type":"BreadcrumbList","@id":"https:\/\/www.wiseband.fr\/blog\/tremplin-v-and-b-fest-2025\/#breadcrumb","itemListElement":[{"@type":"ListItem","position":1,"name":"Home","item":"https:\/\/www.wiseband.es\/blog\/"},{"@type":"ListItem","position":2,"name":"Tremplin V AND B Fest&rsquo; 2025"}]},{"@type":"WebSite","@id":"https:\/\/www.wiseband.es\/blog\/#website","url":"https:\/\/www.wiseband.es\/blog\/","name":"Wiseband","description":"Digital Music Distribution","publisher":{"@id":"https:\/\/www.wiseband.es\/blog\/#organization"},"potentialAction":[{"@type":"SearchAction","target":{"@type":"EntryPoint","urlTemplate":"https:\/\/www.wiseband.es\/blog\/?s={search_term_string}"},"query-input":{"@type":"PropertyValueSpecification","valueRequired":true,"valueName":"search_term_string"}}],"inLanguage":"fr-FR"},{"@type":"Organization","@id":"https:\/\/www.wiseband.es\/blog\/#organization","name":"Wiseband","url":"https:\/\/www.wiseband.es\/blog\/","logo":{"@type":"ImageObject","inLanguage":"fr-FR","@id":"https:\/\/www.wiseband.es\/blog\/#\/schema\/logo\/image\/","url":"https:\/\/www.wiseband.fr\/blog\/wp-content\/uploads\/2024\/07\/logo-wiseband.png","contentUrl":"https:\/\/www.wiseband.fr\/blog\/wp-content\/uploads\/2024\/07\/logo-wiseband.png","width":540,"height":200,"caption":"Wiseband"},"image":{"@id":"https:\/\/www.wiseband.es\/blog\/#\/schema\/logo\/image\/"}},{"@type":"Person","@id":"https:\/\/www.wiseband.es\/blog\/#\/schema\/person\/f262d083d82be162fcd8f36966d8ce3d","name":"Alexandre Baumont","image":{"@type":"ImageObject","inLanguage":"fr-FR","@id":"https:\/\/www.wiseband.es\/blog\/#\/schema\/person\/image\/","url":"https:\/\/secure.gravatar.com\/avatar\/d832cbc8c86e65455379933f5a6f85cf31128a9664c6fd76e3df91dd65445ff1?s=96&d=mm&r=g","contentUrl":"https:\/\/secure.gravatar.com\/avatar\/d832cbc8c86e65455379933f5a6f85cf31128a9664c6fd76e3df91dd65445ff1?s=96&d=mm&r=g","caption":"Alexandre Baumont"},"description":"Marketing Director - Wiseband","url":"https:\/\/www.wiseband.fr\/blog\/author\/alex\/"}]}},"_links":{"self":[{"href":"https:\/\/www.wiseband.fr\/blog\/wp-json\/wp\/v2\/posts\/35972","targetHints":{"allow":["GET"]}}],"collection":[{"href":"https:\/\/www.wiseband.fr\/blog\/wp-json\/wp\/v2\/posts"}],"about":[{"href":"https:\/\/www.wiseband.fr\/blog\/wp-json\/wp\/v2\/types\/post"}],"author":[{"embeddable":true,"href":"https:\/\/www.wiseband.fr\/blog\/wp-json\/wp\/v2\/users\/2"}],"replies":[{"embeddable":true,"href":"https:\/\/www.wiseband.fr\/blog\/wp-json\/wp\/v2\/comments?post=35972"}],"version-history":[{"count":1,"href":"https:\/\/www.wiseband.fr\/blog\/wp-json\/wp\/v2\/posts\/35972\/revisions"}],"predecessor-version":[{"id":35974,"href":"https:\/\/www.wiseband.fr\/blog\/wp-json\/wp\/v2\/posts\/35972\/revisions\/35974"}],"wp:featuredmedia":[{"embeddable":true,"href":"https:\/\/www.wiseband.fr\/blog\/wp-json\/wp\/v2\/media\/35984"}],"wp:attachment":[{"href":"https:\/\/www.wiseband.fr\/blog\/wp-json\/wp\/v2\/media?parent=35972"}],"wp:term":[{"taxonomy":"category","embeddable":true,"href":"https:\/\/www.wiseband.fr\/blog\/wp-json\/wp\/v2\/categories?post=35972"},{"taxonomy":"post_tag","embeddable":true,"href":"https:\/\/www.wiseband.fr\/blog\/wp-json\/wp\/v2\/tags?post=35972"}],"curies":[{"name":"wp","href":"https:\/\/api.w.org\/{rel}","templated":true}]}}